{"id":120957,"date":"2026-08-31T16:25:57","date_gmt":"2026-08-31T14:25:57","guid":{"rendered":"https:\/\/ide.de\/unternehmen\/online-betreiberseminare\/"},"modified":"2026-08-31T16:25:57","modified_gmt":"2026-08-31T14:25:57","slug":"online-betreiberseminare","status":"publish","type":"post","link":"https:\/\/ide.de\/en\/unternehmen\/online-betreiberseminare\/","title":{"rendered":"Online-Betreiberseminare f\u00fcr Hochdruck- und Atemluftkompressoranlagen"},"content":{"rendered":"<p class=\"wp-block-paragraph\">Betreiberwissen f\u00fcr Hochdruck- und Atemluftkompressoranlagen gibt es ab sofort auch online. Statt einen ganzen Tag f\u00fcr ein Pr\u00e4senzseminar einzuplanen, vermittelt IDE-KOMPPLAN die Inhalte kompakt in rund 1,5 bis 2 Stunden \u2013 von Ihrem Arbeitsplatz aus, ohne Anfahrt und ohne \u00dcbernachtung.<\/p>\n\n\n\n<h2 class=\"wp-block-heading\">Warum einen ganzen Tag investieren?<\/h2>\n\n\n\n<p class=\"wp-block-paragraph\">Ein Pr\u00e4senzseminar kostet Sie einen vollen Arbeitstag plus Anfahrt, dazu kommen Reisekosten und je nach Strecke eine Hotel\u00fcbernachtung. Der Termin muss au\u00dferdem in den Kalender des Herstellers passen, nicht in Ihren. Das Online-Betreiberseminar dreht das um: Sie starten, wenn es Ihnen passt.<\/p>\n\n\n\n<h2 class=\"wp-block-heading\">Das bietet das Online-Betreiberseminar<\/h2>\n\n\n\n<ul class=\"wp-block-list\">\n<li>Online von Ihrem Arbeitsplatz aus<\/li>\n<li>Kompakter und praxisorientierter Seminarinhalt<\/li>\n<li>Herstellerneutral<\/li>\n<li>Zeitaufwand nur ca. 1,5 bis 2 Stunden<\/li>\n<li>Deutlich geringere Gesamtkosten<\/li>\n<li>Teilnahmezertifikat, 3 Jahre g\u00fcltig<\/li>\n<\/ul>\n\n\n\n<h2 class=\"wp-block-heading\">F\u00fcr wen das Seminar gedacht ist<\/h2>\n\n\n\n<p class=\"wp-block-paragraph\">F\u00fcr alle, die eine Atemluft-F\u00fcllanlage betreiben: Feuerwehren und Werkfeuerwehren, Tauchbasen, Sch\u00fctzen- und Sportvereine sowie Betriebe, die f\u00fcr Betrieb, Wartung und Pr\u00fcfbuch ihrer Anlage verantwortlich sind.<\/p>\n\n\n\n<h2 class=\"wp-block-heading\">Betreiberqualifikation neu gedacht<\/h2>\n\n\n\n<p class=\"wp-block-paragraph\">Das Online-Seminar l\u00e4uft \u00fcber IDE-KOMPPLAN High Pressure Solutions. Alle Details zu Inhalt, Ablauf und Anmeldung finden Sie direkt auf der Seminarplattform.<\/p>\n\n\n\n<div class=\"wp-block-buttons is-layout-flex wp-block-buttons-is-layout-flex\">\n<div class=\"wp-block-button\"><a class=\"wp-block-button__link wp-element-button\" href=\"https:\/\/kompplan.de\/\" target=\"_blank\" rel=\"noopener nofollow\">Jetzt zum Online-Seminar<\/a><\/div>\n<\/div>\n\n\n\n<p class=\"wp-block-paragraph\">Sie bevorzugen ein Pr\u00e4senzseminar? Die aktuellen Termine finden Sie weiterhin unter <a href=\"https:\/\/ide.de\/en\/service\/seminars\/\">Seminars<\/a>.<\/p>","protected":false},"excerpt":{"rendered":"<p>Betreiberwissen kompakt in 1,5 bis 2 Stunden \u2013 online, herstellerneutral und mit Teilnahmezertifikat. Ohne Anfahrt, ohne \u00dcbernachtung.<\/p>","protected":false},"author":10005,"featured_media":8833,"comment_status":"open","ping_status":"open","sticky":false,"template":"","format":"standard","meta":{"_acf_changed":false,"footnotes":""},"categories":[71],"tags":[],"class_list":["post-120957","post","type-post","status-publish","format-standard","has-post-thumbnail","hentry","category-unternehmen"],"acf":[],"_links":{"self":[{"href":"https:\/\/ide.de\/en\/wp-json\/wp\/v2\/posts\/120957","targetHints":{"allow":["GET"]}}],"collection":[{"href":"https:\/\/ide.de\/en\/wp-json\/wp\/v2\/posts"}],"about":[{"href":"https:\/\/ide.de\/en\/wp-json\/wp\/v2\/types\/post"}],"author":[{"embeddable":true,"href":"https:\/\/ide.de\/en\/wp-json\/wp\/v2\/users\/10005"}],"replies":[{"embeddable":true,"href":"https:\/\/ide.de\/en\/wp-json\/wp\/v2\/comments?post=120957"}],"version-history":[{"count":0,"href":"https:\/\/ide.de\/en\/wp-json\/wp\/v2\/posts\/120957\/revisions"}],"wp:featuredmedia":[{"embeddable":true,"href":"https:\/\/ide.de\/en\/wp-json\/wp\/v2\/media\/8833"}],"wp:attachment":[{"href":"https:\/\/ide.de\/en\/wp-json\/wp\/v2\/media?parent=120957"}],"wp:term":[{"taxonomy":"category","embeddable":true,"href":"https:\/\/ide.de\/en\/wp-json\/wp\/v2\/categories?post=120957"},{"taxonomy":"post_tag","embeddable":true,"href":"https:\/\/ide.de\/en\/wp-json\/wp\/v2\/tags?post=120957"}],"curies":[{"name":"WP","href":"https:\/\/api.w.org\/{rel}","templated":true}]}}